{"id":986,"date":"2013-03-13T17:05:22","date_gmt":"2013-03-13T16:05:22","guid":{"rendered":"http:\/\/www.alblog.it\/?p=986"},"modified":"2013-03-13T17:05:22","modified_gmt":"2013-03-13T16:05:22","slug":"quintarelli-parlamentare-inizia-con-una-proposta-per-lidentita-digitale","status":"publish","type":"post","link":"https:\/\/www.alblog.it\/index.php\/2013\/03\/13\/quintarelli-parlamentare-inizia-con-una-proposta-per-lidentita-digitale\/","title":{"rendered":"Quintarelli parlamentare inizia con una proposta per l&#8217;identit\u00e0 digitale"},"content":{"rendered":"<p><a title=\"La voce su Wikipedia di Stefano Quintarelli\" href=\"http:\/\/it.wikipedia.org\/wiki\/Stefano_Quintarelli\"><\/a><img loading=\"lazy\" decoding=\"async\" class=\"alignnone size-full wp-image-989\" style=\"vertical-align: top;\" title=\"Stefano_Quintarelli_-_Blogfest_2012\" src=\"\/\/www.alblog.it\/wp-content\/images\/Stefano_Quintarelli_-_Blogfest_2012.jpg\" alt=\"Stefano_Quintarelli_-_Blogfest_2012\" width=\"85\" height=\"119\" \/><a title=\"La voce su Wikipedia di Stefano Quintarelli\" href=\"http:\/\/it.wikipedia.org\/wiki\/Stefano_Quintarelli\">Stefano Quintarelli<\/a> \u00e8 stato eletto e come parlamentare inizia partendo da <a title=\"Verso un framework per l'identit\u00e0 digitale\" href=\"http:\/\/www.agendadigitale.eu\/infrastrutture\/266_quintarelli-verso-un-framework-per-l-identita-digitale.htm\">una proposta per un framework per l'identit\u00e0 digitale<\/a>.<\/p>\n<p>Buon lavoro <a title=\"Il blog di di Stefano Quintarelli\" href=\"http:\/\/blog.quintarelli.it\/blog\/\">Quinta<\/a>!<\/p>\n<p><span style=\"font-size: x-small;\">(Credit <a title=\"Foto di Niccol\u00f2 Caranti su wikipedia\" href=\"http:\/\/it.wikipedia.org\/wiki\/File:Stefano_Quintarelli_-_Blogfest_2012.JPG\">foto<\/a> <a title=\"Flickr di Niccolo Caranti\" href=\"http:\/\/www.flickr.com\/photos\/ncaranti\/\">Niccol\u00f2 Caranti<\/a>)<\/span><\/p>\n","protected":false},"excerpt":{"rendered":"<p>Stefano Quintarelli \u00e8 stato eletto e come parlamentare inizia partendo da una proposta per un framework per l'identit\u00e0 digitale. Buon lavoro Quinta! (Credit foto Niccol\u00f2 Caranti)<\/p>\n","protected":false},"author":1,"featured_media":0,"comment_status":"open","ping_status":"open","sticky":false,"template":"","format":"standard","meta":{"_jetpack_memberships_contains_paid_content":false,"footnotes":""},"categories":[2],"tags":[81],"class_list":{"0":"post-986","1":"post","2":"type-post","3":"status-publish","4":"format-standard","6":"category-varie","7":"tag-quintarelli","8":"h-entry","9":"hentry","10":"h-as-article"},"jetpack_featured_media_url":"","jetpack-related-posts":[],"jetpack_sharing_enabled":true,"_links":{"self":[{"href":"https:\/\/www.alblog.it\/index.php\/wp-json\/wp\/v2\/posts\/986","targetHints":{"allow":["GET"]}}],"collection":[{"href":"https:\/\/www.alblog.it\/index.php\/wp-json\/wp\/v2\/posts"}],"about":[{"href":"https:\/\/www.alblog.it\/index.php\/wp-json\/wp\/v2\/types\/post"}],"author":[{"embeddable":true,"href":"https:\/\/www.alblog.it\/index.php\/wp-json\/wp\/v2\/users\/1"}],"replies":[{"embeddable":true,"href":"https:\/\/www.alblog.it\/index.php\/wp-json\/wp\/v2\/comments?post=986"}],"version-history":[{"count":0,"href":"https:\/\/www.alblog.it\/index.php\/wp-json\/wp\/v2\/posts\/986\/revisions"}],"wp:attachment":[{"href":"https:\/\/www.alblog.it\/index.php\/wp-json\/wp\/v2\/media?parent=986"}],"wp:term":[{"taxonomy":"category","embeddable":true,"href":"https:\/\/www.alblog.it\/index.php\/wp-json\/wp\/v2\/categories?post=986"},{"taxonomy":"post_tag","embeddable":true,"href":"https:\/\/www.alblog.it\/index.php\/wp-json\/wp\/v2\/tags?post=986"}],"curies":[{"name":"wp","href":"https:\/\/api.w.org\/{rel}","templated":true}]}}