{"id":847,"date":"2010-04-19T13:39:09","date_gmt":"2010-04-19T11:39:09","guid":{"rendered":"http:\/\/www.alblog.it\/?p=847"},"modified":"2010-09-13T17:54:24","modified_gmt":"2010-09-13T15:54:24","slug":"non-mi-piace-apple-poi-voi-fate-quello-che-vi-pare-mucca-da-mungere","status":"publish","type":"post","link":"https:\/\/www.alblog.it\/index.php\/2010\/04\/19\/non-mi-piace-apple-poi-voi-fate-quello-che-vi-pare-mucca-da-mungere\/","title":{"rendered":"Non mi piace Apple, poi voi fate quello che vi pare. Mucca da mungere"},"content":{"rendered":"<p><img loading=\"lazy\" decoding=\"async\" class=\"alignnone size-full wp-image-858\" style=\"margin: 10px; float: left;\" title=\"Apple_iSuck_by_moosticks\" src=\"\/\/www.alblog.it\/wp-content\/images\/Apple_iSuck_by_moosticks.jpg\" alt=\"Apple_iSuck_by_moosticks\" width=\"300\" height=\"200\" \/>E' da un po' che ho in mente di <strong>parlare male di Apple<\/strong> e finalmente mi ci sono messo.<\/p>\n<p>Da sempre ho avuto una particolare avversione per Apple: <strong>odio il modo con il quale tratta i suoi clienti<\/strong>. Mucche da mungere.<\/p>\n<p>Prendendo spunto da qualche parere che non sia mio, in modo da sembrare (solo sembrare) meno parziale, voglio farvi notare qualche punto a favore della mia tesi.<\/p>\n<p>Scrive il Quinta che <a title=\"Confederazione monarchica di iphonia, ipodia ed ipadia: reprise 2\" href=\"http:\/\/blog.quintarelli.it\/blog\/2010\/04\/confederazione-monarchica-di-iphonia-ipodia-ed-ipadia-reprise-2.html?utm_source=feedburner&amp;utm_medium=feed&amp;utm_campaign=Feed%3A+QuintasWeblog+%28Quinta%27s+weblog%29&amp;utm_content=Google+Reader\">Apple ha bloccato l'App di Mark Fiore<\/a>, un vignettista che ha vinto il premio Pulitzer e questo si chiama scelta editoriale. Se <strong>Apple sceglie per te quello che \u00e8 lecito che tu veda<\/strong> ti vuole tenere nel mondo che ha scelto per te.<\/p>\n<p>Io sar\u00f2 uno spirito indipendente ma spero che la censura non sia mal vista solo dagli spiriti liberi.<\/p>\n<p>Se voglio una linea editoriale mi leggo qualcosa di parte: la parte che scelgo io. Se voglio un computer portatile (telefono, smatphone o come volete chiamarlo) <strong>voglio che le scelte di cosa metterci sopra siano mie<\/strong>. Se a voi st\u00e0 bene che siano altri a scegliere per voi allora accomodatevi ma sappiate che <strong>non lo fanno per il vostro bene ma per il vostro portafogli<\/strong>. Mucca da mungere.<\/p>\n<p>Alessio Di Domizio di appuntidigitali ci segnala che <a title=\"Apple esclude lo sviluppo non nativo su iPhone, Adobe fa causa: due punti di vista\" href=\"http:\/\/www.appuntidigitali.it\/8793\/apple-esclude-lo-sviluppo-non-nativo-su-iphone-adobe-fa-causa-due-punti-di-vista\/\">Apple esclude lo sviluppo non nativo su iPhone<\/a>.<\/p>\n<p>Per i non addetti ai lavori questo significa, nuovamente, che Apple vuole evitare a tutti costi che un applicazione non approvata da loro possa essere installata su un iPhone.<\/p>\n<p>Per riuscirci devono bloccare, per esempio, la prossima versione di Adobe Flash che permette di creare applicazioni in grado di girare su qualsiasi dispositivo. Ovviamente Adobe non \u00e8 propriamenente felice e immagino che partir\u00e0 una bella causa.<\/p>\n<p>Si parla di concorrenza: avete presente? <strong>E' quella roba che serve a mantenere i prezzi per l'utente bassi<\/strong>. Mucca da mungere.<\/p>\n<p>Proseguiamo con una testimonianza di Elena riguardo ai portatili (giusto per non fossilizzarmi sugli iPhone). Elena dice che<\/p>\n<blockquote><p><a title=\"MacBook Pro 13&quot;. Pesa, Costa, e' Grossino. (mi sa che non fa per me)\" href=\"http:\/\/www.delymyth.net\/blog\/2010\/4\/13\/macbook-pro-13-pesa-costa-e-grossino-mi-sa-che-non-fa-per-me.html\">prima di spendere altri 2000\u20ac in Hardware Apple, ci penso un po', e arrivo alla conclusione che avere una macchina apribile, magari piu' leggera ed economica (della serie, mi cade, si rompe, ne compro un altro e ci trapianto il disco) mi fa stare meglio<\/a><\/p><\/blockquote>\n<p>Da notare che Elena ha usato parecchi prodotti Apple e continua ad usarne: <strong>non \u00e8 quindi una che parla di cose che non sa<\/strong> (non \u00e8 come me insomma). Il concetto che espone \u00e8 semplice: Apple fa di tutto per non farti mettere mano (aprire, sistemare, smontare) ai suoi prodotti. Preferisce che lasci fare a loro quando si tratta di riparazioni e preferisce che tu compri un loro oggetto pi\u00f9 potente se quello che hai non ti basta pi\u00f9. Mucca da mungere.<\/p>\n<p>Tutte queste cose non vi dicono nulla? C'\u00e8 ad esempio essepunto che commentava su FriendFeed<\/p>\n<blockquote><p><a href=\"http:\/\/friendfeed.com\/essepunto\/067c62d6\/opera-mini-lo-usavo-anni-fa-sul-blackberry-e-da\">Opera Mini: lo usavo anni fa sul BlackBerry e da subito sull'Android. Certo che si esaltano con poco i possessori di iPhone.<\/a><\/p><\/blockquote>\n<p>Come mai si esaltano per l'arrivo di una applicazione che in altre piattaforme c'\u00e8 da tempo? <strong>Forse perch\u00e9 non sono abituati alla libert\u00e0<\/strong> e quanto viene loro concessa \u00e8 spesso vista come un miracolo da osannare? Intorno alla guerra dei browser ci sono interessanti questioni economiche. Mucche da mungere.<\/p>\n<p>Giusto per chiarezza vorrei concludere dicendo che ce l'ho su con Apple ma non con chi, consapevolmente, sceglie di usare loro prodotti. Difatti conosco molta gente che usa, ad esempio, l'iPhone e mi stanno pure simpatici. Ci passo addirittura delle piacevoli serate in compagnia.<\/p>\n<p><strong>E' un diritto di tutti quello di scegliere di farsi mungere<\/strong> ed \u00e8 anche gratificante e consolatorio farlo. <strong>Fatelo voi per\u00f2 che io non ne ho per nulla voglia!<\/strong><\/p>\n<p><a title=\"Apple iSuck by ~moosticks\" href=\"http:\/\/moosticks.deviantart.com\/art\/Apple-iSuck-76654161\"><span style=\"font-size: x-small;\">Picture credit moosticks<\/span><\/a><strong><br \/>\n<\/strong><\/p>\n","protected":false},"excerpt":{"rendered":"<p>E' da un po' che ho in mente di parlare male di Apple e finalmente mi ci sono messo. Da sempre ho avuto una particolare avversione per Apple: odio il modo con il quale tratta i suoi clienti. Mucche da mungere. Prendendo spunto da qualche parere che non sia mio, in modo da sembrare (solo <a href=\"https:\/\/www.alblog.it\/index.php\/2010\/04\/19\/non-mi-piace-apple-poi-voi-fate-quello-che-vi-pare-mucca-da-mungere\/\" class=\"more-link\">...continua a leggere<span class=\"screen-reader-text\"> \"Non mi piace Apple, poi voi fate quello che vi pare. Mucca da mungere\"<\/span><\/a><\/p>\n","protected":false},"author":1,"featured_media":0,"comment_status":"open","ping_status":"open","sticky":false,"template":"","format":"standard","meta":{"_jetpack_memberships_contains_paid_content":false,"footnotes":""},"categories":[2],"tags":[165,34,172,116,135,440,15,51,81,114],"class_list":{"0":"post-847","1":"post","2":"type-post","3":"status-publish","4":"format-standard","6":"category-varie","7":"tag-apple","8":"tag-cellulari","9":"tag-computer","10":"tag-concorrenza","11":"tag-costo","12":"tag-friendfeed","13":"tag-hardware","14":"tag-prezzo","15":"tag-quintarelli","16":"tag-risparmio","17":"h-entry","18":"hentry","19":"h-as-article"},"jetpack_featured_media_url":"","jetpack-related-posts":[],"jetpack_sharing_enabled":true,"_links":{"self":[{"href":"https:\/\/www.alblog.it\/index.php\/wp-json\/wp\/v2\/posts\/847","targetHints":{"allow":["GET"]}}],"collection":[{"href":"https:\/\/www.alblog.it\/index.php\/wp-json\/wp\/v2\/posts"}],"about":[{"href":"https:\/\/www.alblog.it\/index.php\/wp-json\/wp\/v2\/types\/post"}],"author":[{"embeddable":true,"href":"https:\/\/www.alblog.it\/index.php\/wp-json\/wp\/v2\/users\/1"}],"replies":[{"embeddable":true,"href":"https:\/\/www.alblog.it\/index.php\/wp-json\/wp\/v2\/comments?post=847"}],"version-history":[{"count":0,"href":"https:\/\/www.alblog.it\/index.php\/wp-json\/wp\/v2\/posts\/847\/revisions"}],"wp:attachment":[{"href":"https:\/\/www.alblog.it\/index.php\/wp-json\/wp\/v2\/media?parent=847"}],"wp:term":[{"taxonomy":"category","embeddable":true,"href":"https:\/\/www.alblog.it\/index.php\/wp-json\/wp\/v2\/categories?post=847"},{"taxonomy":"post_tag","embeddable":true,"href":"https:\/\/www.alblog.it\/index.php\/wp-json\/wp\/v2\/tags?post=847"}],"curies":[{"name":"wp","href":"https:\/\/api.w.org\/{rel}","templated":true}]}}