{"id":2010,"date":"2024-07-01T10:35:00","date_gmt":"2024-07-01T08:35:00","guid":{"rendered":"https:\/\/www.alblog.it\/?p=2010"},"modified":"2024-06-27T09:39:50","modified_gmt":"2024-06-27T07:39:50","slug":"la-bellezza-dellenergia-rinnovabile","status":"publish","type":"post","link":"https:\/\/www.alblog.it\/index.php\/2024\/07\/01\/la-bellezza-dellenergia-rinnovabile\/","title":{"rendered":"La bellezza dell&#8217;energia rinnovabile"},"content":{"rendered":"\n<figure class=\"wp-block-image size-full\"><a href=\"https:\/\/www.alblog.it\/wp-content\/images\/Parco_eolico_Cocullo.jpg\"><img loading=\"lazy\" decoding=\"async\" width=\"640\" height=\"480\" src=\"https:\/\/www.alblog.it\/wp-content\/images\/Parco_eolico_Cocullo.jpg\" alt=\"\" class=\"wp-image-2011\" srcset=\"https:\/\/www.alblog.it\/wp-content\/images\/Parco_eolico_Cocullo.jpg 640w, https:\/\/www.alblog.it\/wp-content\/images\/Parco_eolico_Cocullo-300x225.jpg 300w\" sizes=\"auto, (max-width: 640px) 100vw, 640px\" \/><\/a><\/figure>\n\n\n\n<figure class=\"wp-block-image size-full\"><a href=\"https:\/\/www.alblog.it\/wp-content\/images\/it-pv-palo-21-5-720x480-1.jpg\"><img loading=\"lazy\" decoding=\"async\" width=\"640\" height=\"427\" src=\"https:\/\/www.alblog.it\/wp-content\/images\/it-pv-palo-21-5-720x480-1.jpg\" alt=\"\" class=\"wp-image-2012\" srcset=\"https:\/\/www.alblog.it\/wp-content\/images\/it-pv-palo-21-5-720x480-1.jpg 640w, https:\/\/www.alblog.it\/wp-content\/images\/it-pv-palo-21-5-720x480-1-300x200.jpg 300w\" sizes=\"auto, (max-width: 640px) 100vw, 640px\" \/><\/a><\/figure>\n\n\n\n<p>Quando vedo un impianto fotovoltaico o delle pale eoliche <strong>vedo la bellezza<\/strong>.<\/p>\n\n\n\n<p>Sono belli esteticamente: <strong>non mi capacito<\/strong> di chi parla di paesaggio deturpato o bruttezza, veramente.<\/p>\n\n\n\n<p>La bellezza non \u00e8 solo estetica: \u00e8 anche un idea che scaturisce dal fatto che <strong>produciamo energia localmente<\/strong> per usarla localmente sfruttando risorse naturali locali. Nostre risorse. <strong>Non dipendiamo da fornitori inaffidabili <\/strong>di gas o petrolio.<\/p>\n\n\n\n<p>La bellezza \u00e8 anche risparmio economico visto che le rinnovabili <strong>costano meno<\/strong> di qualsiasi altra fonte energetica con bollette dell'energia pi\u00f9 economiche e il risparmio \u00e8 anche a livello nazionale perch\u00e9 evitiamo di importare dall'estero combustibili.<\/p>\n\n\n\n<p>La bellezza \u00e8 anche la <strong>salvaguardia climatica<\/strong> dato che le rinnovabili sono per loro natura amiche dell'ambiente.<\/p>\n\n\n\n<p>Quanto bello sarebbe se invece che essere osteggiate, addirittura a livello di decisioni del nostro governo, <strong>ci fosse un aiuto<\/strong> ad ogni livello?<\/p>\n\n\n\n<p class=\"has-small-font-size\">Foto credit: <a href=\"https:\/\/it.wikipedia.org\/wiki\/Parco_eolico_di_Cocullo\">Parco eolico di Cocullo su wikipedia<\/a> e <a href=\"https:\/\/europeanenergy.com\/2022\/03\/14\/protection-of-prehistoric-buildings-in-palo-italy\/\">parco fotovoltaico a Palo di European Energy<\/a><\/p>\n","protected":false},"excerpt":{"rendered":"<p>Quando vedo un impianto fotovoltaico o delle pale eoliche vedo la bellezza. Sono belli esteticamente: non mi capacito di chi parla di paesaggio deturpato o bruttezza, veramente. La bellezza non \u00e8 solo estetica: \u00e8 anche un idea che scaturisce dal fatto che produciamo energia localmente per usarla localmente sfruttando risorse naturali locali. Nostre risorse. Non <a href=\"https:\/\/www.alblog.it\/index.php\/2024\/07\/01\/la-bellezza-dellenergia-rinnovabile\/\" class=\"more-link\">...continua a leggere<span class=\"screen-reader-text\"> \"La bellezza dell&#8217;energia rinnovabile\"<\/span><\/a><\/p>\n","protected":false},"author":1,"featured_media":0,"comment_status":"open","ping_status":"open","sticky":false,"template":"","format":"standard","meta":{"_jetpack_memberships_contains_paid_content":false,"footnotes":""},"categories":[604],"tags":[135,550,322,614,237,613,114],"class_list":{"0":"post-2010","1":"post","2":"type-post","3":"status-publish","4":"format-standard","6":"category-elettricita","7":"tag-costo","8":"tag-eolico","9":"tag-fotovoltaico","10":"tag-governo","11":"tag-gratis","12":"tag-rinnovabili","13":"tag-risparmio","14":"h-entry","15":"hentry","16":"h-as-article"},"jetpack_featured_media_url":"","jetpack-related-posts":[],"jetpack_sharing_enabled":true,"_links":{"self":[{"href":"https:\/\/www.alblog.it\/index.php\/wp-json\/wp\/v2\/posts\/2010","targetHints":{"allow":["GET"]}}],"collection":[{"href":"https:\/\/www.alblog.it\/index.php\/wp-json\/wp\/v2\/posts"}],"about":[{"href":"https:\/\/www.alblog.it\/index.php\/wp-json\/wp\/v2\/types\/post"}],"author":[{"embeddable":true,"href":"https:\/\/www.alblog.it\/index.php\/wp-json\/wp\/v2\/users\/1"}],"replies":[{"embeddable":true,"href":"https:\/\/www.alblog.it\/index.php\/wp-json\/wp\/v2\/comments?post=2010"}],"version-history":[{"count":1,"href":"https:\/\/www.alblog.it\/index.php\/wp-json\/wp\/v2\/posts\/2010\/revisions"}],"predecessor-version":[{"id":2013,"href":"https:\/\/www.alblog.it\/index.php\/wp-json\/wp\/v2\/posts\/2010\/revisions\/2013"}],"wp:attachment":[{"href":"https:\/\/www.alblog.it\/index.php\/wp-json\/wp\/v2\/media?parent=2010"}],"wp:term":[{"taxonomy":"category","embeddable":true,"href":"https:\/\/www.alblog.it\/index.php\/wp-json\/wp\/v2\/categories?post=2010"},{"taxonomy":"post_tag","embeddable":true,"href":"https:\/\/www.alblog.it\/index.php\/wp-json\/wp\/v2\/tags?post=2010"}],"curies":[{"name":"wp","href":"https:\/\/api.w.org\/{rel}","templated":true}]}}