{"id":1696,"date":"2022-01-13T14:03:00","date_gmt":"2022-01-13T13:03:00","guid":{"rendered":"https:\/\/www.alblog.it\/?p=1696"},"modified":"2024-02-20T14:34:27","modified_gmt":"2024-02-20T13:34:27","slug":"lautonomia-delle-auto-elettriche-e-un-problema-provocazione-riduciamola","status":"publish","type":"post","link":"https:\/\/www.alblog.it\/index.php\/2022\/01\/13\/lautonomia-delle-auto-elettriche-e-un-problema-provocazione-riduciamola\/","title":{"rendered":"L&#8217;autonomia delle auto elettriche \u00e8 un problema? Provocazione: riduciamola"},"content":{"rendered":"\n<figure class=\"wp-block-image size-full\"><a href=\"https:\/\/www.alblog.it\/wp-content\/images\/Candy_Red_Tesla_Model_3_trimmed_2.jpg\"><img loading=\"lazy\" decoding=\"async\" width=\"640\" height=\"336\" src=\"https:\/\/www.alblog.it\/wp-content\/images\/Candy_Red_Tesla_Model_3_trimmed_2.jpg\" alt=\"\" class=\"wp-image-1389\" srcset=\"https:\/\/www.alblog.it\/wp-content\/images\/Candy_Red_Tesla_Model_3_trimmed_2.jpg 640w, https:\/\/www.alblog.it\/wp-content\/images\/Candy_Red_Tesla_Model_3_trimmed_2-300x158.jpg 300w\" sizes=\"auto, (max-width: 640px) 100vw, 640px\" \/><\/a><figcaption>Tesla Model 3 (<a href=\"https:\/\/it.wikipedia.org\/wiki\/Auto_elettrica\">auto elettrica<\/a> su wikipedia)<\/figcaption><\/figure>\n\n\n\n<p><a href=\"https:\/\/www.vaielettrico.it\/auto-elettriche-meno-costose-subito\/\">Paolo Mariano su vaielettrico<\/a> propone un idea: <strong>una piccola auto <\/strong>elettrica come la Dacia Spring con u<strong>na batteria ancora pi\u00f9 piccola: da 10 kWh <\/strong>(autonomia da un centinaio di km).<br>Un auto piccola come la Dacia Spring che avesse una batteria mini potrebbe essere sia <strong>un ottima seconda auto<\/strong> per quasi tutte le esigenze che una prima auto per alcuni.<br>Pi\u00f9 in generale sarei favorevole a<strong> mini batterie anche su auto pi\u00f9 grandi<\/strong> ma solo se non eliminassero i tagli maggiori. Fatto interessante: costerebbe parecchio meno.<br>Ultima considerazione \u00e8 che, come idea, sarebbe ottima per <strong>favorire il primo passaggio all'elettrico<\/strong> per molti: sia come seconda auto inseme ad una termica che gi\u00e0 si possiede e <strong>in futuro verr\u00e0 sostituita da una EV con batterie allo stato solido<\/strong>, sia come prima auto per chi fa pochi km ma che poi dovrebbe organizzarsi con un noleggio o altro per i pochi viaggi lunghi.<br>Questa provocazione viene osteggiata da di chi non rientra nella maggioranza (che quindi immagino che percorra parecchi km): non si sta dicendo che per tutti dovrebbe essere cos\u00ec ma che per molti \u00e8 cos\u00ec. Statistiche alla mano. Ovviamente se si eliminassero le batterie grandi allora sarebbe un altro discorso ma io sarei <strong>favorevole ad aggiungere alla gamma<\/strong> dei modelli uno con taglio molto piccolo.<\/p>\n","protected":false},"excerpt":{"rendered":"<p>Paolo Mariano su vaielettrico propone un idea: una piccola auto elettrica come la Dacia Spring con una batteria ancora pi\u00f9 piccola: da 10 kWh (autonomia da un centinaio di km).Un auto piccola come la Dacia Spring che avesse una batteria mini potrebbe essere sia un ottima seconda auto per quasi tutte le esigenze che una <a href=\"https:\/\/www.alblog.it\/index.php\/2022\/01\/13\/lautonomia-delle-auto-elettriche-e-un-problema-provocazione-riduciamola\/\" class=\"more-link\">...continua a leggere<span class=\"screen-reader-text\"> \"L&#8217;autonomia delle auto elettriche \u00e8 un problema? Provocazione: riduciamola\"<\/span><\/a><\/p>\n","protected":false},"author":1,"featured_media":0,"comment_status":"open","ping_status":"open","sticky":false,"template":"","format":"standard","meta":{"_jetpack_memberships_contains_paid_content":false,"footnotes":""},"categories":[604,2],"tags":[496,536,419,135,537,51],"class_list":{"0":"post-1696","1":"post","2":"type-post","3":"status-publish","4":"format-standard","6":"category-elettricita","7":"category-varie","8":"tag-automobile","9":"tag-autonomia","10":"tag-batteria","11":"tag-costo","12":"tag-ev","13":"tag-prezzo","14":"h-entry","15":"hentry","16":"h-as-article"},"jetpack_featured_media_url":"","jetpack-related-posts":[],"jetpack_sharing_enabled":true,"_links":{"self":[{"href":"https:\/\/www.alblog.it\/index.php\/wp-json\/wp\/v2\/posts\/1696","targetHints":{"allow":["GET"]}}],"collection":[{"href":"https:\/\/www.alblog.it\/index.php\/wp-json\/wp\/v2\/posts"}],"about":[{"href":"https:\/\/www.alblog.it\/index.php\/wp-json\/wp\/v2\/types\/post"}],"author":[{"embeddable":true,"href":"https:\/\/www.alblog.it\/index.php\/wp-json\/wp\/v2\/users\/1"}],"replies":[{"embeddable":true,"href":"https:\/\/www.alblog.it\/index.php\/wp-json\/wp\/v2\/comments?post=1696"}],"version-history":[{"count":7,"href":"https:\/\/www.alblog.it\/index.php\/wp-json\/wp\/v2\/posts\/1696\/revisions"}],"predecessor-version":[{"id":1704,"href":"https:\/\/www.alblog.it\/index.php\/wp-json\/wp\/v2\/posts\/1696\/revisions\/1704"}],"wp:attachment":[{"href":"https:\/\/www.alblog.it\/index.php\/wp-json\/wp\/v2\/media?parent=1696"}],"wp:term":[{"taxonomy":"category","embeddable":true,"href":"https:\/\/www.alblog.it\/index.php\/wp-json\/wp\/v2\/categories?post=1696"},{"taxonomy":"post_tag","embeddable":true,"href":"https:\/\/www.alblog.it\/index.php\/wp-json\/wp\/v2\/tags?post=1696"}],"curies":[{"name":"wp","href":"https:\/\/api.w.org\/{rel}","templated":true}]}}